{"id":4656,"date":"2026-04-30T09:23:55","date_gmt":"2026-04-30T09:23:55","guid":{"rendered":"https:\/\/mozavibe.co.mz\/?p=4656"},"modified":"2026-04-30T09:23:55","modified_gmt":"2026-04-30T09:23:55","slug":"hair-as-an-object-of-academic-research","status":"publish","type":"post","link":"https:\/\/mozavibe.co.mz\/pt_PT\/2026\/education\/hair-as-an-object-of-academic-research\/","title":{"rendered":"Cabelo como objecto de investiga\u00e7\u00e3o acad\u00e9mica"},"content":{"rendered":"<blockquote>\r\n<p><em><strong>... cabe \u00e0 universidade preservar este patrim\u00f3nio vivo atrav\u00e9s do contacto e di\u00e1logo com a comunidade, bem como do seu uso na vertente da economia criativa.<\/strong><\/em><\/p>\r\n<\/blockquote>\r\n\r\n<figure id=\"attachment_4661\" aria-describedby=\"caption-attachment-4661\" style=\"width: 700px\" class=\"wp-caption alignnone\"><img loading=\"lazy\" decoding=\"async\" class=\"size-medium wp-image-4661\" src=\"https:\/\/mozavibe.co.mz\/wp-content\/uploads\/2026\/04\/DSCF0226-1-700x467.jpg\" alt=\"Foto: ECa\" width=\"700\" height=\"467\" srcset=\"https:\/\/mozavibe.co.mz\/wp-content\/uploads\/2026\/04\/DSCF0226-1-700x467.jpg 700w, https:\/\/mozavibe.co.mz\/wp-content\/uploads\/2026\/04\/DSCF0226-1-2000x1333.jpg 2000w, https:\/\/mozavibe.co.mz\/wp-content\/uploads\/2026\/04\/DSCF0226-1-768x512.jpg 768w\" sizes=\"auto, (max-width: 700px) 100vw, 700px\" \/><figcaption id=\"caption-attachment-4661\" class=\"wp-caption-text\">Foto: ECA-UEM<\/figcaption><\/figure>\r\n\r\n<p>O cabelo pode ser usado como objecto de investiga\u00e7\u00e3o cient\u00edfica para compreender o seu valor, bem como a cultura de v\u00e1rias sociedades, em particular a africana.<\/p>\r\n<p>Esta foi a t\u00f3nica apresentada por v\u00e1rios intervenientes durante a primeira edi\u00e7\u00e3o do Festival Mo\u00e7ambicano da Tran\u00e7a, que decorreu esta quarta-feira na Escola de Comunica\u00e7\u00e3o e Artes da Universidade Eduardo Mondlane (ECA-UEM), em Maputo.<\/p>\r\n<p>O prop\u00f3sito do festival, que teve como lema \u201cMinha Carapinha, Minha Coroa\u201d, \u00e9 valorizar e promover a identidade cultural mo\u00e7ambicana, colocando em destaque o papel simb\u00f3lico, social e econ\u00f3mico do cabelo natural, particularmente das tran\u00e7as, na sociedade contempor\u00e2nea.<\/p>\r\n<p>Segundo a directora da ECA-UEM, Ezra Nhampoca, o cabelo e a tran\u00e7a n\u00e3o podem ser vistos como meros elementos est\u00e9ticos, mas como s\u00edmbolos da mo\u00e7ambicanidade, africanidade e resist\u00eancia ancestral.<\/p>\r\n<blockquote>\r\n<p>\u201cEntendemos que a universidade n\u00e3o pode viver de costas para a comunidade, e a tran\u00e7a africana \u00e9 comunidade, ci\u00eancia, arquivo vivo e, acima de tudo, cuidado\u201d, explicou Nhampoca.<\/p>\r\n<\/blockquote>\r\n<p>\u00c9 neste sentido que incentiva um maior acompanhamento acad\u00e9mico sobre esta tem\u00e1tica. O cabelo, na sua opini\u00e3o, pode produzir v\u00e1rios documentos como teses e artigos.<\/p>\r\n<blockquote>\r\n<p>Para Nhampoca, cabe \u00e0 universidade preservar este patrim\u00f3nio vivo atrav\u00e9s do contacto e di\u00e1logo com a comunidade, bem como do seu uso na vertente da economia criativa.<\/p>\r\n<\/blockquote>\r\n<p>O Festival Mo\u00e7ambicano da Tran\u00e7a \u00e9 organizado pela ECA-UEM, sendo coordenado pelo professor professor Joaquim Borges Gove. Segundo ele, esta \u00e9 uma oportunidade para homenagear Josina Machel, hero\u00edna mo\u00e7ambicana e antiga combatente da luta de liberta\u00e7\u00e3o nacional.<\/p>\r\n<p>O evento incluiu demonstra\u00e7\u00f5es pr\u00e1ticas, exposi\u00e7\u00f5es e debates entre profissionais e estudantes, promovendo a partilha de experi\u00eancias e o fortalecimento de redes de colabora\u00e7\u00e3o.<\/p>\r\n<p>\u00a0<\/p>\r\n<p>(Por MozaVibe)<\/p>\r\n<p>\u00a0<\/p>\r\n<p>\u00a0<\/p>\r\n<p>\u00a0<\/p>","protected":false},"excerpt":{"rendered":"<blockquote>\n<p><em><strong>&#8230; cabe \u00e0 universidade preservar este patrim\u00f3nio vivo atrav\u00e9s do contacto e di\u00e1logo com a comunidade, bem como do seu uso na vertente da economia criativa.<\/strong><\/em><\/p>\n<\/blockquote>\n<p>[caption id=&#8221;attachment_4661&#8230;<\/p>\n","protected":false},"author":2,"featured_media":4661,"comment_status":"closed","ping_status":"closed","sticky":true,"template":"","format":"standard","meta":{"wds_primary_category":0,"footnotes":""},"categories":[16,2],"tags":[1546,404,1858,1857,1859,1547],"class_list":["post-4656","post","type-post","status-publish","format-standard","has-post-thumbnail","hentry","category-destacadas","category-education","tag-em-maputo","tag-escola-de-comunicacao-e-artes-da-universidade-eduardo-mondlane-eca-uem","tag-ezra-nhampoca","tag-festival-mocambicano-da-tranca","tag-joaquim-borges-gove","tag-josina-machel"],"_links":{"self":[{"href":"https:\/\/mozavibe.co.mz\/pt_PT\/wp-json\/wp\/v2\/posts\/4656","targetHints":{"allow":["GET"]}}],"collection":[{"href":"https:\/\/mozavibe.co.mz\/pt_PT\/wp-json\/wp\/v2\/posts"}],"about":[{"href":"https:\/\/mozavibe.co.mz\/pt_PT\/wp-json\/wp\/v2\/types\/post"}],"author":[{"embeddable":true,"href":"https:\/\/mozavibe.co.mz\/pt_PT\/wp-json\/wp\/v2\/users\/2"}],"replies":[{"embeddable":true,"href":"https:\/\/mozavibe.co.mz\/pt_PT\/wp-json\/wp\/v2\/comments?post=4656"}],"version-history":[{"count":5,"href":"https:\/\/mozavibe.co.mz\/pt_PT\/wp-json\/wp\/v2\/posts\/4656\/revisions"}],"predecessor-version":[{"id":4665,"href":"https:\/\/mozavibe.co.mz\/pt_PT\/wp-json\/wp\/v2\/posts\/4656\/revisions\/4665"}],"wp:featuredmedia":[{"embeddable":true,"href":"https:\/\/mozavibe.co.mz\/pt_PT\/wp-json\/wp\/v2\/media\/4661"}],"wp:attachment":[{"href":"https:\/\/mozavibe.co.mz\/pt_PT\/wp-json\/wp\/v2\/media?parent=4656"}],"wp:term":[{"taxonomy":"category","embeddable":true,"href":"https:\/\/mozavibe.co.mz\/pt_PT\/wp-json\/wp\/v2\/categories?post=4656"},{"taxonomy":"post_tag","embeddable":true,"href":"https:\/\/mozavibe.co.mz\/pt_PT\/wp-json\/wp\/v2\/tags?post=4656"}],"curies":[{"name":"wp","href":"https:\/\/api.w.org\/{rel}","templated":true}]}}