{"id":4554,"date":"2026-04-07T07:56:57","date_gmt":"2026-04-07T07:56:57","guid":{"rendered":"https:\/\/mozavibe.co.mz\/?p=4554"},"modified":"2026-04-07T07:56:57","modified_gmt":"2026-04-07T07:56:57","slug":"o-dia-do-legado-eterno-da-josina","status":"publish","type":"post","link":"https:\/\/mozavibe.co.mz\/pt_PT\/2026\/cooperation-and-development\/o-dia-do-legado-eterno-da-josina\/","title":{"rendered":"O dia do legado eterno da Josina"},"content":{"rendered":"<blockquote>\r\n<p><em><strong>A data evoca a mem\u00f3ria de Josina Machel, hero\u00edna nacional e combatente da luta contra o colonialismo portugu\u00eas. A soldada transformou-se num \u00edcone da emancipa\u00e7\u00e3o da mulher mo\u00e7ambicana e a sua coragem continua a inspirar gera\u00e7\u00f5es.<\/strong><\/em><\/p>\r\n<\/blockquote>\r\n\r\n<figure id=\"attachment_4555\" aria-describedby=\"caption-attachment-4555\" style=\"width: 504px\" class=\"wp-caption alignnone\"><img loading=\"lazy\" decoding=\"async\" class=\"size-full wp-image-4555\" src=\"https:\/\/mozavibe.co.mz\/wp-content\/uploads\/2026\/04\/Josina-Machel.jpg\" alt=\"\" width=\"504\" height=\"590\" srcset=\"https:\/\/mozavibe.co.mz\/wp-content\/uploads\/2026\/04\/Josina-Machel.jpg 504w, https:\/\/mozavibe.co.mz\/wp-content\/uploads\/2026\/04\/Josina-Machel-256x300.jpg 256w, https:\/\/mozavibe.co.mz\/wp-content\/uploads\/2026\/04\/Josina-Machel-128x150.jpg 128w\" sizes=\"auto, (max-width: 504px) 100vw, 504px\" \/><figcaption id=\"caption-attachment-4555\" class=\"wp-caption-text\">Josina Machel. Foto: Divulga\u00e7\u00e3o<\/figcaption><\/figure>\r\n\r\n<p>Mo\u00e7ambique celebra, a cada ano, o 7 de Abril, Dia da Mulher Mo\u00e7ambicana. A data que hoje se assinala transcende o calend\u00e1rio para se afirmar como s\u00edmbolo vivo de coragem, dignidade e esperan\u00e7a.<\/p>\r\n<p>A efem\u00e9ride presta homenagem \u00e0 for\u00e7a inabal\u00e1vel e ao esp\u00edrito de resili\u00eancia da mulher. \u00c9 um tributo \u00e0quelas que, com determina\u00e7\u00e3o silenciosa ou voz firme, constroem diariamente o presente e futuro do pa\u00eds.<\/p>\r\n<p>A data evoca a mem\u00f3ria de Josina Machel, hero\u00edna nacional e combatente da luta contra o colonialismo portugu\u00eas. A soldada transformou-se num \u00edcone da emancipa\u00e7\u00e3o da mulher mo\u00e7ambicana e a sua coragem continua a inspirar gera\u00e7\u00f5es.<\/p>\r\n<p>Por todo o pa\u00eds, mulheres celebram este dia envoltas na capulana, um tecido carregado de identidade, tradi\u00e7\u00e3o e uni\u00e3o. Esta \u00e9 a raz\u00e3o pela qual os centros das cidades mo\u00e7ambicanas tem testemunhado movimentos incomuns nas v\u00e9speras do 7 de Abril.<\/p>\r\n<p>Na cidade de Maputo, por exemplo, foi poss\u00edvel notar um movimento intenso nos mercados e lojas, onde grupos de mulheres se re\u00fanem para escolher as suas capulanas e preparar a \u201cfarda\u201d com aquele tecido que tamb\u00e9m serve para turbantes.<\/p>\r\n<p>As comemora\u00e7\u00f5es estendem-se para al\u00e9m do simbolismo. H\u00e1 uma agenda rica em actividades culturais e recreativas. Nisto tudo, as artes c\u00e9nicas s\u00e3o as que mais se destacam.<\/p>\r\n<p>Entre os momentos especiais, destaca-se a iniciativa de celebra\u00e7\u00e3o \u00e0 mulher mo\u00e7ambicana no Ripinga, onde h\u00e1 um encontro pensado para proporcionar conv\u00edvio, alegria e reconhecimento, com m\u00fasica, gastronomia e boa energia.<\/p>\r\n<p>Hot\u00e9is, restaurantes e espa\u00e7os de lazer da capital tamb\u00e9m se unem \u00e0 celebra\u00e7\u00e3o, criando experi\u00eancias \u00fanicas para tornar este dia ainda mais especial e inesquec\u00edvel.<\/p>\r\n<p>Feliz Dia da Mulher Mo\u00e7ambicana!<\/p>\r\n<p>(Por Joana Mawai)<\/p>\r\n<p>&nbsp;<\/p>","protected":false},"excerpt":{"rendered":"<blockquote>\n<p><em><strong>A data evoca a mem\u00f3ria de Josina Machel, hero\u00edna nacional e combatente da luta contra o colonialismo portugu\u00eas. A soldada transformou-se num \u00edcone da emancipa\u00e7\u00e3o da mulher mo\u00e7ambicana e a sua coragem continua a inspirar g&#8230;<\/p>\n","protected":false},"author":2,"featured_media":4555,"comment_status":"closed","ping_status":"closed","sticky":true,"template":"","format":"standard","meta":{"wds_primary_category":0,"footnotes":""},"categories":[4,16],"tags":[1789,351,350,1547,1723],"class_list":["post-4554","post","type-post","status-publish","format-standard","has-post-thumbnail","hentry","category-cooperation-and-development","category-destacadas","tag-7-de-abril","tag-capulana","tag-dia-da-mulher-mocambicana","tag-josina-machel","tag-mulher"],"_links":{"self":[{"href":"https:\/\/mozavibe.co.mz\/pt_PT\/wp-json\/wp\/v2\/posts\/4554","targetHints":{"allow":["GET"]}}],"collection":[{"href":"https:\/\/mozavibe.co.mz\/pt_PT\/wp-json\/wp\/v2\/posts"}],"about":[{"href":"https:\/\/mozavibe.co.mz\/pt_PT\/wp-json\/wp\/v2\/types\/post"}],"author":[{"embeddable":true,"href":"https:\/\/mozavibe.co.mz\/pt_PT\/wp-json\/wp\/v2\/users\/2"}],"replies":[{"embeddable":true,"href":"https:\/\/mozavibe.co.mz\/pt_PT\/wp-json\/wp\/v2\/comments?post=4554"}],"version-history":[{"count":3,"href":"https:\/\/mozavibe.co.mz\/pt_PT\/wp-json\/wp\/v2\/posts\/4554\/revisions"}],"predecessor-version":[{"id":4558,"href":"https:\/\/mozavibe.co.mz\/pt_PT\/wp-json\/wp\/v2\/posts\/4554\/revisions\/4558"}],"wp:featuredmedia":[{"embeddable":true,"href":"https:\/\/mozavibe.co.mz\/pt_PT\/wp-json\/wp\/v2\/media\/4555"}],"wp:attachment":[{"href":"https:\/\/mozavibe.co.mz\/pt_PT\/wp-json\/wp\/v2\/media?parent=4554"}],"wp:term":[{"taxonomy":"category","embeddable":true,"href":"https:\/\/mozavibe.co.mz\/pt_PT\/wp-json\/wp\/v2\/categories?post=4554"},{"taxonomy":"post_tag","embeddable":true,"href":"https:\/\/mozavibe.co.mz\/pt_PT\/wp-json\/wp\/v2\/tags?post=4554"}],"curies":[{"name":"wp","href":"https:\/\/api.w.org\/{rel}","templated":true}]}}