{"id":4547,"date":"2026-03-31T00:01:54","date_gmt":"2026-03-31T00:01:54","guid":{"rendered":"https:\/\/mozavibe.co.mz\/?p=4547"},"modified":"2026-03-31T08:53:58","modified_gmt":"2026-03-31T08:53:58","slug":"flood-reduction-system-in-maxaquene-and-polana-canico","status":"publish","type":"post","link":"https:\/\/mozavibe.co.mz\/pt_PT\/2026\/cooperation-and-development\/flood-reduction-system-in-maxaquene-and-polana-canico\/","title":{"rendered":"Sistema para redu\u00e7\u00e3o de\u00a0inunda\u00e7\u00f5es\u00a0em Maxaquene e Polana Cani\u00e7o\u00a0"},"content":{"rendered":"<blockquote>\r\n<p><em><strong>Mais de 150 mil residentes dos bairros de Maxaquene e Polana Cani\u00e7o, na cidade de Maputo, poder\u00e3o ver significativamente melhoradas as suas condi\u00e7\u00f5es de vida, gra\u00e7as \u00e0 constru\u00e7\u00e3o de um novo sistema de drenagem de \u00e1guas pluviais.<\/strong><\/em><\/p>\r\n<\/blockquote>\r\n\r\n<figure id=\"attachment_4426\" aria-describedby=\"caption-attachment-4426\" style=\"width: 700px\" class=\"wp-caption alignnone\"><img loading=\"lazy\" decoding=\"async\" class=\"size-medium wp-image-4426\" src=\"https:\/\/mozavibe.co.mz\/wp-content\/uploads\/2026\/02\/ciclone-700x467.jpeg\" alt=\"\" width=\"700\" height=\"467\" srcset=\"https:\/\/mozavibe.co.mz\/wp-content\/uploads\/2026\/02\/ciclone-700x467.jpeg 700w, https:\/\/mozavibe.co.mz\/wp-content\/uploads\/2026\/02\/ciclone-768x512.jpeg 768w, https:\/\/mozavibe.co.mz\/wp-content\/uploads\/2026\/02\/ciclone-449x300.jpeg 449w, https:\/\/mozavibe.co.mz\/wp-content\/uploads\/2026\/02\/ciclone-150x100.jpeg 150w, https:\/\/mozavibe.co.mz\/wp-content\/uploads\/2026\/02\/ciclone-450x300.jpeg 450w, https:\/\/mozavibe.co.mz\/wp-content\/uploads\/2026\/02\/ciclone.jpeg 1440w\" sizes=\"auto, (max-width: 700px) 100vw, 700px\" \/><figcaption id=\"caption-attachment-4426\" class=\"wp-caption-text\">A ideia \u00e9 reduzir impacto das mudan\u00e7as clim\u00e1ticas. Foto: UNICEF<\/figcaption><\/figure>\r\n\r\n<p>O empreendimento visa canalizar e escoar as \u00e1guas da chuva, reduzindo as inunda\u00e7\u00f5es que afectam gravemente estas zonas. Com a implementa\u00e7\u00e3o do sistema, espera-se minimizar os preju\u00edzos enfrentados pelos mun\u00edcipes e garantir maior seguran\u00e7a e salubridade.<\/p>\r\n<p>Para a concretiza\u00e7\u00e3o do projecto, a It\u00e1lia\u00a0desembolsou cerca de 63 milh\u00f5es de euros, destinados \u00e0 constru\u00e7\u00e3o de 14 quil\u00f3metros de infra-estruturas de drenagem, concebidas para resistir a eventos clim\u00e1ticos extremos.<\/p>\r\n<p>A senhora Josefina, residente no bairro Polana Cani\u00e7o, manifestou esperan\u00e7a quanto aos benef\u00edcios da obra, destacando que a sua casa encontra-se atualmente alagada.<\/p>\r\n<blockquote>\r\n<p>\u201cCom este sistema, acredito que a nossa situa\u00e7\u00e3o vai melhorar muito, porque sempre que chove a minha casa fica cheia de \u00e1gua, e isso tem sido muito dif\u00edcil para a minha fam\u00edlia\u201d, afirmou.<\/p>\r\n<\/blockquote>\r\n<p>Por sua vez, Ana Maria tamb\u00e9m reagiu com satisfa\u00e7\u00e3o \u00e0 iniciativa, sublinhando o impacto positivo que a infra-estrutura poder\u00e1 trazer para a sua fam\u00edlia.<\/p>\r\n<blockquote>\r\n<p>\u201cJ\u00e1 pass\u00e1mos por muitos preju\u00edzos por causa das inunda\u00e7\u00f5es, mas tenho esperan\u00e7a de que finalmente teremos mais seguran\u00e7a e melhores condi\u00e7\u00f5es para viver\u201d, disse.<\/p>\r\n<\/blockquote>\r\n<p>Entretanto, o Embaixador da It\u00e1lia em Mo\u00e7ambique, Gabriel Annis, destacou a urg\u00eancia da implementa\u00e7\u00e3o do sistema, considerando-o essencial para melhorar as condi\u00e7\u00f5es de vida e reduzir a vulnerabilidade das popula\u00e7\u00f5es abrangidas pelo projeto.<\/p>\r\n<p>A constru\u00e7\u00e3o ter\u00e1 a dura\u00e7\u00e3o estimada de tr\u00eas anos, sendo projectada para uma vida \u00fatil de cerca de 50 anos, representando uma solu\u00e7\u00e3o duradoura para um problema que h\u00e1 muito afecta os residentes destas \u00e1reas.<\/p>\r\n<p>(Por Joana Mawai)<\/p>","protected":false},"excerpt":{"rendered":"<blockquote>\n<p><em><strong>Mais de 150 mil residentes dos bairros de Maxaquene e Polana Cani\u00e7o, na cidade de Maputo, poder\u00e3o ver significativamente melhoradas as suas condi\u00e7\u00f5es de vida, gra\u00e7as \u00e0 constru\u00e7\u00e3o de um novo sistema de drenagem de \u00e1guas pl&#8230;<\/p>\n","protected":false},"author":2,"featured_media":4426,"comment_status":"closed","ping_status":"closed","sticky":true,"template":"","format":"standard","meta":{"wds_primary_category":0,"footnotes":""},"categories":[4,16],"tags":[1779,1780,1781,1782,1783],"class_list":["post-4547","post","type-post","status-publish","format-standard","has-post-thumbnail","hentry","category-cooperation-and-development","category-destacadas","tag-ana-maria","tag-embaixador-da-italia-em-mocambique","tag-gabriel-annis","tag-maxaquene","tag-polana-canico"],"_links":{"self":[{"href":"https:\/\/mozavibe.co.mz\/pt_PT\/wp-json\/wp\/v2\/posts\/4547","targetHints":{"allow":["GET"]}}],"collection":[{"href":"https:\/\/mozavibe.co.mz\/pt_PT\/wp-json\/wp\/v2\/posts"}],"about":[{"href":"https:\/\/mozavibe.co.mz\/pt_PT\/wp-json\/wp\/v2\/types\/post"}],"author":[{"embeddable":true,"href":"https:\/\/mozavibe.co.mz\/pt_PT\/wp-json\/wp\/v2\/users\/2"}],"replies":[{"embeddable":true,"href":"https:\/\/mozavibe.co.mz\/pt_PT\/wp-json\/wp\/v2\/comments?post=4547"}],"version-history":[{"count":2,"href":"https:\/\/mozavibe.co.mz\/pt_PT\/wp-json\/wp\/v2\/posts\/4547\/revisions"}],"predecessor-version":[{"id":4549,"href":"https:\/\/mozavibe.co.mz\/pt_PT\/wp-json\/wp\/v2\/posts\/4547\/revisions\/4549"}],"wp:featuredmedia":[{"embeddable":true,"href":"https:\/\/mozavibe.co.mz\/pt_PT\/wp-json\/wp\/v2\/media\/4426"}],"wp:attachment":[{"href":"https:\/\/mozavibe.co.mz\/pt_PT\/wp-json\/wp\/v2\/media?parent=4547"}],"wp:term":[{"taxonomy":"category","embeddable":true,"href":"https:\/\/mozavibe.co.mz\/pt_PT\/wp-json\/wp\/v2\/categories?post=4547"},{"taxonomy":"post_tag","embeddable":true,"href":"https:\/\/mozavibe.co.mz\/pt_PT\/wp-json\/wp\/v2\/tags?post=4547"}],"curies":[{"name":"wp","href":"https:\/\/api.w.org\/{rel}","templated":true}]}}