{"id":4538,"date":"2026-03-31T06:46:57","date_gmt":"2026-03-31T06:46:57","guid":{"rendered":"https:\/\/mozavibe.co.mz\/?p=4538"},"modified":"2026-03-31T06:46:57","modified_gmt":"2026-03-31T06:46:57","slug":"um-mural-turistico-na-terra-da-boa-gente","status":"publish","type":"post","link":"https:\/\/mozavibe.co.mz\/pt_PT\/2026\/tourism\/um-mural-turistico-na-terra-da-boa-gente\/","title":{"rendered":"Um mural tur\u00edstico na \"Terra da Boa Gente\""},"content":{"rendered":"<blockquote>\r\n<p><em><strong>O mural evoca as tradi\u00e7\u00f5es, viv\u00eancias e refer\u00eancias que definem a \"Terra dos Coqueiros\", numa iniciativa que evidencia o papel da arte urbana como ve\u00edculo de preserva\u00e7\u00e3o, educa\u00e7\u00e3o e projec\u00e7\u00e3o do patrim\u00f3nio cultural e tur\u00edstico mo\u00e7ambicano.<\/strong><\/em><\/p>\r\n<\/blockquote>\r\n\r\n<figure id=\"attachment_4539\" aria-describedby=\"caption-attachment-4539\" style=\"width: 525px\" class=\"wp-caption alignnone\"><img loading=\"lazy\" decoding=\"async\" class=\"size-medium wp-image-4539\" src=\"https:\/\/mozavibe.co.mz\/wp-content\/uploads\/2026\/03\/MURAL-INHAMBANE-525x700.jpg\" alt=\"\" width=\"525\" height=\"700\" srcset=\"https:\/\/mozavibe.co.mz\/wp-content\/uploads\/2026\/03\/MURAL-INHAMBANE-525x700.jpg 525w, https:\/\/mozavibe.co.mz\/wp-content\/uploads\/2026\/03\/MURAL-INHAMBANE-1500x2000.jpg 1500w, https:\/\/mozavibe.co.mz\/wp-content\/uploads\/2026\/03\/MURAL-INHAMBANE-768x1024.jpg 768w, https:\/\/mozavibe.co.mz\/wp-content\/uploads\/2026\/03\/MURAL-INHAMBANE-1152x1536.jpg 1152w, https:\/\/mozavibe.co.mz\/wp-content\/uploads\/2026\/03\/MURAL-INHAMBANE-225x300.jpg 225w, https:\/\/mozavibe.co.mz\/wp-content\/uploads\/2026\/03\/MURAL-INHAMBANE-113x150.jpg 113w, https:\/\/mozavibe.co.mz\/wp-content\/uploads\/2026\/03\/MURAL-INHAMBANE.jpg 1536w\" sizes=\"auto, (max-width: 525px) 100vw, 525px\" \/><figcaption id=\"caption-attachment-4539\" class=\"wp-caption-text\">Foto: CPCI<\/figcaption><\/figure>\r\n\r\n<p>A cidade de Inhambane conta agora com uma nova atrac\u00e7\u00e3o: um mural tur\u00edstico que confere uma nova imagem e vitalidade \u00e0 Casa Provincial da Cultura, um dos principais cart\u00f5es-de-visita da capital da famosa \u201cTerra da Boa Gente\u201d.<\/p>\r\n<p>Aliando mem\u00f3ria e identidade para promover o patrim\u00f3nio cultural e tur\u00edstico da regi\u00e3o, a obra nasceu das m\u00e3os de quatro artistas pl\u00e1sticos: \u00c9neas da Concei\u00e7\u00e3o, Azevedo Munhaua, Leia Mbatlavane e Ant\u00f3nio Costa.<\/p>\r\n<p>O mural evoca as tradi\u00e7\u00f5es, viv\u00eancias e refer\u00eancias que definem a \"Terra dos Coqueiros\", numa iniciativa que evidencia o papel da arte urbana como ve\u00edculo de preserva\u00e7\u00e3o, educa\u00e7\u00e3o e projec\u00e7\u00e3o do patrim\u00f3nio cultural e tur\u00edstico mo\u00e7ambicano.<\/p>\r\n<p>Inhambane tem-se afirmado como um dos principais polos da arte urbana nacional, sendo a Casa Provincial da Cultura um dos alvos priorit\u00e1rios destas interven\u00e7\u00f5es. Estas ac\u00e7\u00f5es valorizam ainda mais o edif\u00edcio, que mant\u00e9m o seu estilo colonial bem preservado.<\/p>\r\n<p>Exemplo disso foi a colabora\u00e7\u00e3o, em 2023, entre Chan\u00e1 de S\u00e1 \u2014 um dos maiores nomes da pintura local e dinamizador do projeto \"Inhambane, Cidade Azul\" \u2014 e o artista Ant\u00f3nio Costa. Juntos criaram um painel art\u00edstico na Casa da Cultura, integrado no projecto de arte urbana da prov\u00edncia.<\/p>\r\n<p>Gerida pela Direc\u00e7\u00e3o Provincial de Cultura e Turismo de Inhambane, a institui\u00e7\u00e3o reafirma-se, assim, como o verdadeiro cora\u00e7\u00e3o das artes e um dos principais pontos do turismo na prov\u00edncia.<\/p>\r\n<p>(Por Lucas Muaga)<\/p>","protected":false},"excerpt":{"rendered":"<blockquote>\n<p><em><strong>O mural evoca as tradi\u00e7\u00f5es, viv\u00eancias e refer\u00eancias que definem a &#8220;Terra dos Coqueiros&#8221;, numa iniciativa que evidencia o papel da arte urbana como ve\u00edculo de preserva\u00e7\u00e3o, educa\u00e7\u00e3o e projec\u00e7\u00e3o do patrim\u00f3nio cultural e tur\u00ed&#8230;<\/p>\n","protected":false},"author":2,"featured_media":4539,"comment_status":"closed","ping_status":"closed","sticky":false,"template":"","format":"standard","meta":{"wds_primary_category":0,"footnotes":""},"categories":[16,6],"tags":[1775,1773,1771,1776,1778,1772,540,1774,1777],"class_list":["post-4538","post","type-post","status-publish","format-standard","has-post-thumbnail","hentry","category-destacadas","category-tourism","tag-terra-dos-coqueiros","tag-azevedo-munhaua","tag-casa-provincial-da-cultura","tag-chana-de-sa","tag-cidade-azul","tag-eneas-da-conceicao","tag-inhambane","tag-leia-mbatlavane-e-antonio-costa","tag-projeto-inhambane"],"_links":{"self":[{"href":"https:\/\/mozavibe.co.mz\/pt_PT\/wp-json\/wp\/v2\/posts\/4538","targetHints":{"allow":["GET"]}}],"collection":[{"href":"https:\/\/mozavibe.co.mz\/pt_PT\/wp-json\/wp\/v2\/posts"}],"about":[{"href":"https:\/\/mozavibe.co.mz\/pt_PT\/wp-json\/wp\/v2\/types\/post"}],"author":[{"embeddable":true,"href":"https:\/\/mozavibe.co.mz\/pt_PT\/wp-json\/wp\/v2\/users\/2"}],"replies":[{"embeddable":true,"href":"https:\/\/mozavibe.co.mz\/pt_PT\/wp-json\/wp\/v2\/comments?post=4538"}],"version-history":[{"count":1,"href":"https:\/\/mozavibe.co.mz\/pt_PT\/wp-json\/wp\/v2\/posts\/4538\/revisions"}],"predecessor-version":[{"id":4540,"href":"https:\/\/mozavibe.co.mz\/pt_PT\/wp-json\/wp\/v2\/posts\/4538\/revisions\/4540"}],"wp:featuredmedia":[{"embeddable":true,"href":"https:\/\/mozavibe.co.mz\/pt_PT\/wp-json\/wp\/v2\/media\/4539"}],"wp:attachment":[{"href":"https:\/\/mozavibe.co.mz\/pt_PT\/wp-json\/wp\/v2\/media?parent=4538"}],"wp:term":[{"taxonomy":"category","embeddable":true,"href":"https:\/\/mozavibe.co.mz\/pt_PT\/wp-json\/wp\/v2\/categories?post=4538"},{"taxonomy":"post_tag","embeddable":true,"href":"https:\/\/mozavibe.co.mz\/pt_PT\/wp-json\/wp\/v2\/tags?post=4538"}],"curies":[{"name":"wp","href":"https:\/\/api.w.org\/{rel}","templated":true}]}}